{"provider_url": "https://www.jardimdomulato.pi.leg.br", "title": "Primeira sess\u00e3o ordin\u00e1ria de 2025", "html": "<p>A <b>C\u00e2mara Municipal de Jardim do Mulato convida t</b>oda a popula\u00e7\u00e3o para a Abertura Oficial dos Trabalhos Legislativos de 2025, que ocorrer\u00e1 no dia 21 de fevereiro, \u00e0s 19h, no Plen\u00e1rio da C\u00e2mara Municipal.</p>\r\n<p>Nesta ocasi\u00e3o especial, contaremos com a presen\u00e7a do Excelent\u00edssimo Prefeito, <b>Dejair Lima de Sousa</b>, que apresentar\u00e1 o plano de governo para o exerc\u00edcio de 2025, detalhando as principais a\u00e7\u00f5es e projetos previstos para o desenvolvimento de nosso munic\u00edpio.</p>\r\n<p>Sua presen\u00e7a \u00e9 fundamental para fortalecer o di\u00e1logo e a participa\u00e7\u00e3o popular nas decis\u00f5es que impactam o futuro de Jardim do Mulato.</p>\r\n<p>\u00a0</p>\r\n<p>Contamos com voc\u00ea!</p>\r\n<p>\u00a0</p>\r\n<p>Data: 21 de fevereiro de 2025<br /> Hor\u00e1rio: 19h30min</p>\r\n<p>Local: Plen\u00e1rio da C\u00e2mara Municipal de Jardim do Mulato</p>\r\n<p>\u00a0</p>\r\n<p align=\"center\">Atenciosamente,</p>\r\n<p align=\"center\"><br /> Paulo Barbosa Veloso <br /> Presidente da C\u00e2mara Municipal de Jardim do Mulato</p>\r\n<p align=\"center\">Parte inferior do formul\u00e1rio</p>\r\n<p align=\"center\">\u00a0</p>\r\n<p align=\"center\">\u00a0</p>", "author_name": "", "version": "1.0", "author_url": "https://www.jardimdomulato.pi.leg.br/author/fjaraujo", "provider_name": "C\u00e2mara Municipal", "type": "rich"}