{"provider_url": "https://www.jardimdomulato.pi.leg.br", "title": "Perguntas Frequentes", "html": "<p><img src=\"https://www.jardimdomulato.pi.leg.br/imagens/ico-faq.png/image_thumb\" alt=\"FAQ\" class=\"image-right\" title=\"\" /></p>\r\n<h2>Perguntas</h2>\r\n<h3><a class=\"anchor-link\" href=\"#P1\" target=\"_self\" title=\"\">1. Quando foi criada a C\u00e2mara?</a></h3>\r\n<h3><a class=\"anchor-link\" href=\"#p2\" target=\"_self\" title=\"\">2. O que faz a C\u00e2mara?</a></h3>\r\n<h3><a class=\"anchor-link\" href=\"#p3\" target=\"_self\" title=\"\">3. O que \u00e9 Mesa Diretora?</a></h3>\r\n<h3><a class=\"anchor-link\" href=\"#p4\" target=\"_self\" title=\"\">4. Quais os cargos da Mesa Diretora?</a></h3>\r\n<h3><a class=\"anchor-link\" href=\"#p5\" target=\"_self\" title=\"\">5. Qual a dura\u00e7\u00e3o do mandato da Mesa Diretora?</a></h3>\r\n<h3><a class=\"anchor-link\" href=\"#p6\" target=\"_self\" title=\"\">6. Como se renova a composi\u00e7\u00e3o da C\u00e2mara?</a></h3>\r\n<h3><a class=\"anchor-link\" href=\"#7--o-que---legislatura-\" target=\"_self\" title=\"\">7. O que \u00e9 Legislatura?</a></h3>\r\n<h3><a class=\"anchor-link\" href=\"#p8\" target=\"_self\" title=\"\">8. O que \u00e9 Sess\u00e3o Legislativa?</a></h3>\r\n<p>\u00a0</p>\r\n<h2>Respostas</h2>\r\n<h3><a name=\"P1\"></a>1. Quando foi criada a C\u00e2mara?</h3>\r\n<p style=\"text-align: justify; \"><b>\u00a0</b><strong>A primeira C\u00e2mara Municipal foi instalada em 01 de janeiro de 1993 e constitu\u00edda pelos seguintes vereadores:\u00a0Marcelino Gomes Vilanova, Joaquim Neiva Neto, M\u00e1rio Mutsu-Hito e Silva Leit\u00e3o, C\u00edcero Carlos de Carvalho, Antonio Jos\u00e9 Gon\u00e7alves da Silva, Jo\u00e3o Evangelista da Silva, Osvaldo Aprigio Vilarinho, Jos\u00e9 da Costa Moraes e Santidio Alves de Moura.\u00a0Ficando a Mesa assim composta: Presidente - Marcelino Gomes Vilanova, Vice-Presidente - Joaquim Neiva Neto, 1\u00ba Secret\u00e1rio - \u00a0M\u00e1rio Mutsu-Hito e Silva Leit\u00e3o,\u00a0 2\u00ba Secret\u00e1rio - C\u00edcero Carlos de Carvalho,\u00a0Tesoureiro \u2013 Antonio Jos\u00e9 Gon\u00e7alves da Silva</strong></p>\r\n<h3><a name=\"p2\"></a>\u00a0<b>2. O que faz a C\u00e2mara?</b></h3>\r\n<p style=\"text-align: justify; \"><b>\u00a0</b><strong>As compet\u00eancias atuais da C\u00e2mara foram estabelecidas pela\u00a0Lei Org\u00e2nica do Munic\u00edpio.\u00a0 S\u00e3o atribui\u00e7\u00f5es da C\u00e2mara a elabora\u00e7\u00e3o das leis municipais e a fiscaliza\u00e7\u00e3o cont\u00e1bil, financeira, or\u00e7ament\u00e1ria, operacional e patrimonial do Munic\u00edpio e das entidades da administra\u00e7\u00e3o direta e indireta. Essas atribui\u00e7\u00f5es encontram-se especificadas em detalhes nos arts. 33\u00ba ao 35\u00ba da\u00a0Lei Org\u00e2nica Municipal.</strong></p>\r\n<h3 style=\"text-align: justify; \">\u00a0<span><a name=\"p3\"></a>\u00a0</span><b>3. O que \u00e9 Mesa Diretora?</b></h3>\r\n<p><b>\u00a0</b><strong>A Mesa \u00e9 um \u00f3rg\u00e3o colegiado respons\u00e1vel pela dire\u00e7\u00e3o dos trabalhos legislativos e dos servi\u00e7os administrativos da C\u00e2mara.</strong></p>\r\n<h3>\u00a0<b><a name=\"p4\"></a>4. Quais os cargos da Mesa Diretora?</b></h3>\r\n<p style=\"text-align: justify; \"><b>\u00a0</b><strong>A Mesa Diretora \u00e9 composta por um Presidente, um Vice-Presidente e dois Secret\u00e1rios. Para a elei\u00e7\u00e3o da Mesa, os Vereadores se re\u00fanem imediatamente ap\u00f3s o t\u00e9rmino da solenidade de posse dos Vereadores eleitos, no caso da 1\u00aa Sess\u00e3o Legislativa de cada Legislatura; ou em reuni\u00e3o a se iniciar imediatamente ap\u00f3s o transcurso da primeira reuni\u00e3o ordin\u00e1ria do \u00a0dia 1\u00ba de janeiro \u00a0no primeiro ano da Legislatura. A vota\u00e7\u00e3o \u00e9 secreta, por maioria dos votos, estando presente a maioria absoluta dos Vereadores, no caso do primeiro escrut\u00ednio. N\u00e3o sendo comprovada a maioria absoluta dos membros, ser\u00e1 realizado um segundo escrut\u00ednio, decidindo-se a elei\u00e7\u00e3o por maioria simples dos presentes. (Artigos 7\u00ba ao 14 \u00a0do\u00a0Regimento Interno)\u00a0\u00a0</strong></p>\r\n<h3><a name=\"p5\"></a>\u00a0<b>5. Qual a dura\u00e7\u00e3o do mandato da Mesa Diretora?</b></h3>\r\n<p style=\"text-align: justify; \"><strong>O mandato do Presidente e dos demais membros da Mesa \u00e9 de dois anos, vedada a recondu\u00e7\u00e3o para o mesmo cargo na mesma legislatura. Artigo 8 \u00a74\u00ba do\u00a0Regimento Interno e Artigo 22 da Lei Org\u00e2nica Municipal.</strong></p>\r\n<h3><a name=\"p6\"></a>\u00a0<b>6. Como se renova a composi\u00e7\u00e3o da C\u00e2mara?</b></h3>\r\n<p><strong>A composi\u00e7\u00e3o da C\u00e2mara se renova a cada 4 anos, o que corresponde a uma legislatura.\u00a0</strong></p>\r\n<h3><a name=\"7--o-que---legislatura-\"></a><a name=\"p7\"></a>\u00a0<b>7. O que \u00e9 Legislatura?</b></h3>\r\n<p style=\"text-align: justify; \"><strong>Corresponde a um per\u00edodo de 4 anos que coincide exatamente com a dura\u00e7\u00e3o do mandato dos vereadores\u00a0). \u00a0Tem in\u00edcio em 1\u00ba de janeiro do ano seguinte ao da elei\u00e7\u00e3o, quando se d\u00e1 a posse aos vereadores eleitos, e termina em 31 de dezembro do ano seguinte \u00e0 elei\u00e7\u00e3o subseq\u00fcente.</strong> \u00a0</p>\r\n<h3>\u00a0<b><a name=\"p8\"></a>8. O que \u00e9 Sess\u00e3o Legislativa?</b></h3>\r\n<p style=\"text-align: justify; \"><strong>Corresponde ao per\u00edodo de trabalho parlamentar durante o ano. Divide-se em: sess\u00e3o legislativa ordin\u00e1ria e extraordin\u00e1ria. A sess\u00e3o legislativa ordin\u00e1ria inicia-se em 15 de fevereiro e encerra-se em 16 de dezembro, com recesso parlamentar de 1\u00ba a 30 de julho; No entanto, a sess\u00e3o n\u00e3o ser\u00e1 interrompida enquanto n\u00e3o for aprovado o Projeto de Lei de Diretrizes Or\u00e7ament\u00e1rias pela C\u00e2mara Municipal. A sess\u00e3o legislativa extraordin\u00e1ria somente ocorre quando houver convoca\u00e7\u00e3o extraordin\u00e1ria das autoridades competentes e somente para deliberar sobre mat\u00e9ria objeto da convoca\u00e7\u00e3o.( art. 86 do regimento interno)\u00a0</strong></p>", "author_name": "Programa Interlegis", "version": "1.0", "author_url": "https://www.jardimdomulato.pi.leg.br/author/Programa Interlegis", "provider_name": "C\u00e2mara Municipal", "type": "rich"}