{
    "claims": [
        {
            "area": "administraassapso", 
            "captcha": "", 
            "cpf": "", 
            "creation_date": "2018-02-07T11:34:43-02:00", 
            "description": "Bom dia, sou estudante, fa\u00e7o ci\u00eancias pol\u00edticas e estou fazendo uma pesquisa sobre remunera\u00e7\u00e3o de vereadores em v\u00e1rios munic\u00edpios do Piau\u00ed. N\u00e3o encontrei a informa\u00e7\u00e3o no site da sua prefeitura.\r\nPoderia me ajudar, me passando a m\u00e9dia salarial dos vereadores e quantas sess\u00f5es eles t\u00eam por m\u00eas?\r\nDesde j\u00e1 agrade\u00e7o a aten\u00e7\u00e3o.\r\nCarolina.", 
            "kind": "pedido-de-acesso-a-informaassapso", 
            "modification_date": "2022-03-08T09:01:24-03:00", 
            "responses": [
                {
                    "creator": "fjaraujo", 
                    "date": "2022-03-08T09:01:24.314614", 
                    "id": 1, 
                    "review_state": "Moving", 
                    "text": "Os Vereadores da C\u00e2mara Municipal de Jardim do Mulato _PI se Reunem em Sess\u00f5es ordin\u00e1rias duas vezes por m\u00eas, sendo na 1\u00aa sexta-feira e terceira sexta-feira. e percebem mensalmente R$ 2. 286,49 "
                }
            ], 
            "review_state": "moving", 
            "rg": "", 
            "title": "remunera\u00e7\u00e3o de vereadores", 
            "uri": "https://www.jardimdomulato.pi.leg.br/ouvidoria/20180207113443"
        }, 
        {
            "area": "administraassapso", 
            "captcha": "", 
            "cpf": "", 
            "creation_date": "2019-07-02T17:57:12-03:00", 
            "description": "Eu Josenildo da Silva, em nome do povo desta comunidade, gostaria de pedir aos senhores admistradores do munic\u00edpio de Jardim do mulato, \"legislativo e executivo que por sua vez fa\u00e7am valer os direitos dos cidad\u00e3os deste munic\u00edpio, garantindo pelo menos o b\u00e1sico a que tem direito o povo deste munic\u00edpio, solicitando a manuten\u00e7\u00e3o da ilumina\u00e7\u00e3o das vias p\u00fablicas e da pra\u00e7a da comunidade baix\u00e3o dos Cara\u00edbas, que est\u00e1 as escuras h\u00e1 meses.", 
            "kind": "reclamaassapso", 
            "modification_date": "2019-07-02T17:57:12-03:00", 
            "responses": [], 
            "review_state": "pending", 
            "rg": "", 
            "title": "Ilumina\u00e7\u00e3o p\u00fablica", 
            "uri": "https://www.jardimdomulato.pi.leg.br/ouvidoria/20190702175712"
        }, 
        {
            "area": "secretaria-legislativa", 
            "captcha": "", 
            "cpf": "", 
            "creation_date": "2021-02-01T11:45:31-03:00", 
            "description": "Solicito o envio digitalizado das Atas de Registro de Presen\u00e7a dos Vereadores dessa C\u00e2mara Municipal de Jardim do Mulato - PI em cada sess\u00e3o ocorrida a partir da data de 01 de janeiro de 2017 at\u00e9 31 de dezembro de 2020.", 
            "kind": "pedido-de-acesso-a-informaassapso", 
            "modification_date": "2022-05-16T11:30:58-03:00", 
            "responses": [
                {
                    "creator": "fjaraujo", 
                    "date": "2022-05-16T11:27:52.626354", 
                    "id": 1, 
                    "review_state": "Pending", 
                    "text": "Segue em anexo a resposta a sua solicita\u00e7\u00e3o, observando que a parti de 2021 a presen\u00e7a dos vereadores \u00e9 registrada em ata eletr\u00f4nica dispon\u00edvel no portal https://sapl.jardimdomulato.pi.leg.br/sessao/pesquisar-sessao, em cada sess\u00e3o est\u00e1 dispon\u00edvel a ata da sess\u00e3o anterior, onde consta a presen\u00e7a do vereadores "
                }
            ], 
            "review_state": "accepted", 
            "rg": "", 
            "title": "ATA DE CHAMADA E ASSINATURA DA PRESEN\u00c7A DE VEREADORES", 
            "uri": "https://www.jardimdomulato.pi.leg.br/ouvidoria/20210201114531"
        }
    ], 
    "ombudsoffices": [
        {
            "areas": [
                {
                    "area": "Administra\u00e7\u00e3o", 
                    "email": "nome@dominio.leg.br", 
                    "responsible": "Nome do Respons\u00e1vel pela \u00c1rea"
                }, 
                {
                    "area": "Assessoria Legislativa e Jur\u00eddica", 
                    "email": "nome@dominio.leg.br", 
                    "responsible": "Nome do Respons\u00e1vel pela \u00c1rea"
                }, 
                {
                    "area": "Comiss\u00f5es", 
                    "email": "nome@dominio.leg.br", 
                    "responsible": "Nome do Respons\u00e1vel pela \u00c1rea"
                }, 
                {
                    "area": "Ouvidoria", 
                    "email": "nome@dominio.leg.br", 
                    "responsible": "Nome do Respons\u00e1vel pela \u00c1rea"
                }, 
                {
                    "area": "Secretaria Legislativa", 
                    "email": "nome@dominio.leg.br", 
                    "responsible": "Nome do Respons\u00e1vel pela \u00c1rea"
                }, 
                {
                    "area": "Plen\u00e1rio", 
                    "email": "nome@dominio.leg.br", 
                    "responsible": "Nome do Respons\u00e1vel pela \u00c1rea"
                }
            ], 
            "claim_types": [
                {
                    "claim_type": "Den\u00fancia"
                }, 
                {
                    "claim_type": "D\u00favida"
                }, 
                {
                    "claim_type": "Elogio"
                }, 
                {
                    "claim_type": "Pedido de Acesso \u00e0 Informa\u00e7\u00e3o"
                }, 
                {
                    "claim_type": "Solicita\u00e7\u00e3o"
                }, 
                {
                    "claim_type": "Sugest\u00e3o"
                }, 
                {
                    "claim_type": "Reclama\u00e7\u00e3o"
                }
            ], 
            "description": "Sistema eletr\u00f4nico de informa\u00e7\u00f5es ao cidad\u00e3o, que controla as demandas dos cidad\u00e3os \u00e0 Casa Legislativa, permitindo seu acompanhamento e pesquisa.", 
            "display_claims": true, 
            "email_template": "", 
            "email_template_states": "", 
            "managers": "", 
            "title": "Ouvidoria", 
            "uri": "https://www.jardimdomulato.pi.leg.br/ouvidoria"
        }
    ]
}